{"id":9825,"date":"2010-12-23T15:21:47","date_gmt":"2010-12-23T12:21:47","guid":{"rendered":"http:\/\/www.waynakh.com\/tr\/?p=9825"},"modified":"2010-12-23T15:21:47","modified_gmt":"2010-12-23T12:21:47","slug":"avusturyali-politikaci-cecen-aile-icin-mucadele-ediyor","status":"publish","type":"post","link":"https:\/\/www.waynakh.com\/tr\/2010\/12\/avusturyali-politikaci-cecen-aile-icin-mucadele-ediyor\/","title":{"rendered":"Avusturyal\u0131 Politikac\u0131 \u00c7e\u00e7en Aile i\u00e7in M\u00fccadele Ediyor"},"content":{"rendered":"<p style=\"text-align: justify;\">Avusturya haber ajans\u0131 <a href=\"http:\/\/www.ots.at\/presseaussendung\/OTS_20101222_OTS0112\/spoe-kaernten-fordert-bleiberecht-fuer-bestens-integrierte-tschetschenische-familie-aliyarova\" target=\"_blank\">APA\u2019da yer alan habere g\u00f6re<\/a>, bir \u00c7e\u00e7en aile s\u0131n\u0131rd\u0131\u015f\u0131 tehlikesi i\u00e7indeyken bir siyasi partinin b\u00f6lgesel lideri yetkililerin aileye insani nedenlere dayanarak ikamet izni vermesini talep etti.<!--more--><\/p>\n<p style=\"text-align: justify;\">\n<p style=\"text-align: justify;\">Habere g\u00f6re, iki ebeveyn (42 ve 38 ya\u015flar\u0131nda) ile 5,14 ve 18 ya\u015flar\u0131ndaki \u00fc\u00e7 k\u0131z \u00e7ocu\u011fundan olu\u015fan \u00c7e\u00e7en aile noel arefesinde Avusturya\u2019da s\u0131n\u0131rd\u0131\u015f\u0131 tehdidi alt\u0131nda bulunuyor.<\/p>\n<p style=\"text-align: justify;\">Aliyarova ailesi Avusturya\u2019ya yakla\u015f\u0131k 8 y\u0131l \u00f6nce geldi ve Aral\u0131k 2003\u2019te s\u0131\u011f\u0131nma talebinde bulundu. Ancak ba\u015fvurular\u0131 Haziran 2006\u2019da reddedildi. Anayasa Mahkemesi\u2019ne ba\u015fvuran aile s\u0131n\u0131rd\u0131\u015f\u0131 edilmekten kurtulduysa da son olarak S\u0131\u011f\u0131nma Mahkemesi yeniden ba\u015fvurunun reddine karar verdi. Bu nedenle aile ge\u00e7ti\u011fimiz Sal\u0131 g\u00fcn\u00fc insani nedenlere dayanarak Carinthia (K\u00e4rnten) eyaleti m\u00fclteci departman\u0131na yeni bir ba\u015fvuru yapt\u0131.<\/p>\n<p style=\"text-align: justify;\">Avusturya Sosyal Demokrat Partisi (<a href=\"http:\/\/www.spoe.at\" target=\"_blank\">Sozialdemokratische Partei \u00d6sterreichs \u2013 SP\u00d6<\/a>)\u2019nin Carinthia eyaleti lideri Peter Kaiser\u2019de konuyla ilgili bir bas\u0131n toplant\u0131s\u0131 d\u00fczenledi ve Avusturya sosyal ya\u015fant\u0131s\u0131na m\u00fckemmel \u015fekilde entegre olmu\u015f bu \u00c7e\u00e7en aileye m\u00fcltecilik stat\u00fcs\u00fc verilmesini talep etti. Kaiser, &#8220;Mahkemenin menfi karar\u0131 8 y\u0131ld\u0131r Carinthia\u2019da ikamet eden aile a\u00e7\u0131s\u0131ndan Avusturya\u2019dan s\u0131n\u0131rd\u0131\u015f\u0131 edilmeleri gibi ciddi sonu\u00e7lar do\u011furabilecek nitelikte bir karar. \u00dcmit ediyorum ki bu vakada Eyalet H\u00fck\u00fcmeti ile Federal yetkililerin \u00e7abalar\u0131yla aileye insani nedenler \u0131\u015f\u0131\u011f\u0131nda ikamet hakk\u0131 temin edilecektir. Aliyarova ailesinin \u00e7ocuklar\u0131n\u0131n e\u011fitim g\u00f6rd\u00fc\u011f\u00fc okulu ziyaret ettik. \u00d6\u011fretmenlerine g\u00f6re \u00e7ocuklar s\u0131n\u0131flar\u0131n\u0131n en iyilerinden ve Almanca d\u00fczeyleri m\u00fckemmel d\u00fczeyde&#8221; dedi.<\/p>\n<p style=\"text-align: justify;\">\u00d6te yandan Vali s\u00f6zc\u00fcs\u00fc Gerhard D\u00f6rfler\u2019de bas\u0131n mensuplar\u0131na ailenin \u00fclkede kalmas\u0131 i\u00e7in ellerinden geleni yapacaklar\u0131n\u0131 belirtti.<\/p>\n","protected":false},"excerpt":{"rendered":"<p>Avusturya haber ajans\u0131 APA\u2019da yer alan habere g\u00f6re, bir \u00c7e\u00e7en aile s\u0131n\u0131rd\u0131\u015f\u0131 tehlikesi i\u00e7indeyken bir siyasi partinin b\u00f6lgesel lideri yetkililerin aileye insani nedenlere dayanarak ikamet izni vermesini talep etti.<\/p>\n","protected":false},"author":3,"featured_media":0,"comment_status":"open","ping_status":"open","sticky":false,"template":"","format":"standard","meta":{"ngg_post_thumbnail":0,"footnotes":""},"categories":[1],"tags":[2185,2184],"views":3659,"_links":{"self":[{"href":"https:\/\/www.waynakh.com\/tr\/wp-json\/wp\/v2\/posts\/9825"}],"collection":[{"href":"https:\/\/www.waynakh.com\/tr\/wp-json\/wp\/v2\/posts"}],"about":[{"href":"https:\/\/www.waynakh.com\/tr\/wp-json\/wp\/v2\/types\/post"}],"author":[{"embeddable":true,"href":"https:\/\/www.waynakh.com\/tr\/wp-json\/wp\/v2\/users\/3"}],"replies":[{"embeddable":true,"href":"https:\/\/www.waynakh.com\/tr\/wp-json\/wp\/v2\/comments?post=9825"}],"version-history":[{"count":1,"href":"https:\/\/www.waynakh.com\/tr\/wp-json\/wp\/v2\/posts\/9825\/revisions"}],"predecessor-version":[{"id":9827,"href":"https:\/\/www.waynakh.com\/tr\/wp-json\/wp\/v2\/posts\/9825\/revisions\/9827"}],"wp:attachment":[{"href":"https:\/\/www.waynakh.com\/tr\/wp-json\/wp\/v2\/media?parent=9825"}],"wp:term":[{"taxonomy":"category","embeddable":true,"href":"https:\/\/www.waynakh.com\/tr\/wp-json\/wp\/v2\/categories?post=9825"},{"taxonomy":"post_tag","embeddable":true,"href":"https:\/\/www.waynakh.com\/tr\/wp-json\/wp\/v2\/tags?post=9825"}],"curies":[{"name":"wp","href":"https:\/\/api.w.org\/{rel}","templated":true}]}}